{"id":306,"date":"2020-04-19T21:16:47","date_gmt":"2020-04-19T19:16:47","guid":{"rendered":"https:\/\/kreativ.mindach.net\/?p=306"},"modified":"2020-04-19T22:06:11","modified_gmt":"2020-04-19T20:06:11","slug":"sags-mit-blumen","status":"publish","type":"post","link":"https:\/\/kreativ.mindach.net\/index.php\/2020\/04\/19\/sags-mit-blumen\/","title":{"rendered":"&#8222;Sag&#8217;s mit Blumen&#8220;"},"content":{"rendered":"\n<p>Hallo Ihr Lieben, diese kleinen Goodies habe ich f\u00fcr liebe Freunde zu Ostern gewerkelt. Warum zeige ich sie Euch eine Woche nach Ostern? Ganz einfach, dieser kleine Tulpenstrau\u00df mit Herzchen eignet sich auch wunderbar f\u00fcr andere Anl\u00e4sse:  Zum &#8222;Danke&#8220; sagen, zum Muttertag oder einfach als Mitbringsel in der Fr\u00fchlingszeit.<\/p>\n\n\n\n<div class=\"wp-block-media-text is-stacked-on-mobile\"><figure class=\"wp-block-media-text__media\"><img loading=\"lazy\" decoding=\"async\" width=\"768\" height=\"1024\" src=\"https:\/\/kreativ.mindach.net\/wp-content\/uploads\/2020\/04\/CD6B58D5-E9F3-42CD-B49E-05E0E6F52769-768x1024.jpeg\" alt=\"\" class=\"wp-image-308\" srcset=\"https:\/\/kreativ.mindach.net\/wp-content\/uploads\/2020\/04\/CD6B58D5-E9F3-42CD-B49E-05E0E6F52769-768x1024.jpeg 768w, https:\/\/kreativ.mindach.net\/wp-content\/uploads\/2020\/04\/CD6B58D5-E9F3-42CD-B49E-05E0E6F52769-225x300.jpeg 225w, https:\/\/kreativ.mindach.net\/wp-content\/uploads\/2020\/04\/CD6B58D5-E9F3-42CD-B49E-05E0E6F52769-1152x1536.jpeg 1152w, https:\/\/kreativ.mindach.net\/wp-content\/uploads\/2020\/04\/CD6B58D5-E9F3-42CD-B49E-05E0E6F52769.jpeg 1536w\" sizes=\"auto, (max-width: 768px) 100vw, 768px\" \/><\/figure><div class=\"wp-block-media-text__content\">\n<p style=\"font-size:14px\">Benutzt habe ich das Produktpaket &#8222;Tulpengr\u00fc\u00dfe&#8220; und die Stanzformen &#8222;bezaubernde Etiketten&#8220;aus dem &#8222;Mini-Katalog&#8220; von Stampin&#8216; Up! Die Tulpen habe ich in den Farben Osterglocke, Mangogelb, Blutorange und Glutrot und die Stengel und Bl\u00e4tter in Gartengr\u00fcn gestempelt.<\/p>\n<\/div><\/div>\n","protected":false},"excerpt":{"rendered":"<p>Hallo Ihr Lieben, diese kleinen Goodies habe ich f\u00fcr liebe Freunde zu Ostern gewerkelt. Warum zeige ich sie Euch eine Woche nach Ostern? Ganz einfach, dieser kleine Tulpenstrau\u00df mit Herzchen eignet sich auch wunderbar f\u00fcr andere Anl\u00e4sse: Zum &#8222;Danke&#8220; sagen, zum Muttertag oder einfach als Mitbringsel in der Fr\u00fchlingszeit. Benutzt habe ich das Produktpaket &#8222;Tulpengr\u00fc\u00dfe&#8220; [&hellip;]<\/p>\n","protected":false},"author":1,"featured_media":307,"comment_status":"closed","ping_status":"closed","sticky":false,"template":"","format":"standard","meta":{"_jetpack_memberships_contains_paid_content":false,"footnotes":""},"categories":[1],"tags":[],"class_list":["post-306","post","type-post","status-publish","format-standard","has-post-thumbnail","hentry","category-allgemein"],"yoast_head":"<!-- This site is optimized with the Yoast SEO plugin v26.7 - https:\/\/yoast.com\/wordpress\/plugins\/seo\/ -->\n<title>&quot;Sag&#039;s mit Blumen&quot; - Heikes kreative Welt<\/title>\n<meta name=\"robots\" content=\"index, follow, max-snippet:-1, max-image-preview:large, max-video-preview:-1\" \/>\n<link rel=\"canonical\" href=\"https:\/\/kreativ.mindach.net\/index.php\/2020\/04\/19\/sags-mit-blumen\/\" \/>\n<meta property=\"og:locale\" content=\"de_DE\" \/>\n<meta property=\"og:type\" content=\"article\" \/>\n<meta property=\"og:title\" content=\"&quot;Sag&#039;s mit Blumen&quot; - Heikes kreative Welt\" \/>\n<meta property=\"og:description\" content=\"Hallo Ihr Lieben, diese kleinen Goodies habe ich f\u00fcr liebe Freunde zu Ostern gewerkelt. Warum zeige ich sie Euch eine Woche nach Ostern? Ganz einfach, dieser kleine Tulpenstrau\u00df mit Herzchen eignet sich auch wunderbar f\u00fcr andere Anl\u00e4sse: Zum &#8222;Danke&#8220; sagen, zum Muttertag oder einfach als Mitbringsel in der Fr\u00fchlingszeit. Benutzt habe ich das Produktpaket &#8222;Tulpengr\u00fc\u00dfe&#8220; [&hellip;]\" \/>\n<meta property=\"og:url\" content=\"https:\/\/kreativ.mindach.net\/index.php\/2020\/04\/19\/sags-mit-blumen\/\" \/>\n<meta property=\"og:site_name\" content=\"Heikes kreative Welt\" \/>\n<meta property=\"article:published_time\" content=\"2020-04-19T19:16:47+00:00\" \/>\n<meta property=\"article:modified_time\" content=\"2020-04-19T20:06:11+00:00\" \/>\n<meta property=\"og:image\" content=\"https:\/\/kreativ.mindach.net\/wp-content\/uploads\/2020\/04\/9A9DD5F0-0381-4918-8F42-72A6EE9EF043.jpeg\" \/>\n\t<meta property=\"og:image:width\" content=\"2048\" \/>\n\t<meta property=\"og:image:height\" content=\"1536\" \/>\n\t<meta property=\"og:image:type\" content=\"image\/jpeg\" \/>\n<meta name=\"author\" content=\"kreativ\" \/>\n<meta name=\"twitter:card\" content=\"summary_large_image\" \/>\n<meta name=\"twitter:label1\" content=\"Verfasst von\" \/>\n\t<meta name=\"twitter:data1\" content=\"kreativ\" \/>\n<script type=\"application\/ld+json\" class=\"yoast-schema-graph\">{\"@context\":\"https:\/\/schema.org\",\"@graph\":[{\"@type\":\"Article\",\"@id\":\"https:\/\/kreativ.mindach.net\/index.php\/2020\/04\/19\/sags-mit-blumen\/#article\",\"isPartOf\":{\"@id\":\"https:\/\/kreativ.mindach.net\/index.php\/2020\/04\/19\/sags-mit-blumen\/\"},\"author\":{\"name\":\"kreativ\",\"@id\":\"https:\/\/kreativ.mindach.net\/#\/schema\/person\/aeadb1c874dd586c2282a2d8237fe679\"},\"headline\":\"&#8222;Sag&#8217;s mit Blumen&#8220;\",\"datePublished\":\"2020-04-19T19:16:47+00:00\",\"dateModified\":\"2020-04-19T20:06:11+00:00\",\"mainEntityOfPage\":{\"@id\":\"https:\/\/kreativ.mindach.net\/index.php\/2020\/04\/19\/sags-mit-blumen\/\"},\"wordCount\":97,\"image\":{\"@id\":\"https:\/\/kreativ.mindach.net\/index.php\/2020\/04\/19\/sags-mit-blumen\/#primaryimage\"},\"thumbnailUrl\":\"https:\/\/kreativ.mindach.net\/wp-content\/uploads\/2020\/04\/9A9DD5F0-0381-4918-8F42-72A6EE9EF043.jpeg\",\"inLanguage\":\"de\"},{\"@type\":\"WebPage\",\"@id\":\"https:\/\/kreativ.mindach.net\/index.php\/2020\/04\/19\/sags-mit-blumen\/\",\"url\":\"https:\/\/kreativ.mindach.net\/index.php\/2020\/04\/19\/sags-mit-blumen\/\",\"name\":\"\\\"Sag's mit Blumen\\\" - Heikes kreative Welt\",\"isPartOf\":{\"@id\":\"https:\/\/kreativ.mindach.net\/#website\"},\"primaryImageOfPage\":{\"@id\":\"https:\/\/kreativ.mindach.net\/index.php\/2020\/04\/19\/sags-mit-blumen\/#primaryimage\"},\"image\":{\"@id\":\"https:\/\/kreativ.mindach.net\/index.php\/2020\/04\/19\/sags-mit-blumen\/#primaryimage\"},\"thumbnailUrl\":\"https:\/\/kreativ.mindach.net\/wp-content\/uploads\/2020\/04\/9A9DD5F0-0381-4918-8F42-72A6EE9EF043.jpeg\",\"datePublished\":\"2020-04-19T19:16:47+00:00\",\"dateModified\":\"2020-04-19T20:06:11+00:00\",\"author\":{\"@id\":\"https:\/\/kreativ.mindach.net\/#\/schema\/person\/aeadb1c874dd586c2282a2d8237fe679\"},\"breadcrumb\":{\"@id\":\"https:\/\/kreativ.mindach.net\/index.php\/2020\/04\/19\/sags-mit-blumen\/#breadcrumb\"},\"inLanguage\":\"de\",\"potentialAction\":[{\"@type\":\"ReadAction\",\"target\":[\"https:\/\/kreativ.mindach.net\/index.php\/2020\/04\/19\/sags-mit-blumen\/\"]}]},{\"@type\":\"ImageObject\",\"inLanguage\":\"de\",\"@id\":\"https:\/\/kreativ.mindach.net\/index.php\/2020\/04\/19\/sags-mit-blumen\/#primaryimage\",\"url\":\"https:\/\/kreativ.mindach.net\/wp-content\/uploads\/2020\/04\/9A9DD5F0-0381-4918-8F42-72A6EE9EF043.jpeg\",\"contentUrl\":\"https:\/\/kreativ.mindach.net\/wp-content\/uploads\/2020\/04\/9A9DD5F0-0381-4918-8F42-72A6EE9EF043.jpeg\",\"width\":2048,\"height\":1536},{\"@type\":\"BreadcrumbList\",\"@id\":\"https:\/\/kreativ.mindach.net\/index.php\/2020\/04\/19\/sags-mit-blumen\/#breadcrumb\",\"itemListElement\":[{\"@type\":\"ListItem\",\"position\":1,\"name\":\"Startseite\",\"item\":\"https:\/\/kreativ.mindach.net\/\"},{\"@type\":\"ListItem\",\"position\":2,\"name\":\"&#8222;Sag&#8217;s mit Blumen&#8220;\"}]},{\"@type\":\"WebSite\",\"@id\":\"https:\/\/kreativ.mindach.net\/#website\",\"url\":\"https:\/\/kreativ.mindach.net\/\",\"name\":\"Heikes kreative Welt\",\"description\":\"\",\"potentialAction\":[{\"@type\":\"SearchAction\",\"target\":{\"@type\":\"EntryPoint\",\"urlTemplate\":\"https:\/\/kreativ.mindach.net\/?s={search_term_string}\"},\"query-input\":{\"@type\":\"PropertyValueSpecification\",\"valueRequired\":true,\"valueName\":\"search_term_string\"}}],\"inLanguage\":\"de\"},{\"@type\":\"Person\",\"@id\":\"https:\/\/kreativ.mindach.net\/#\/schema\/person\/aeadb1c874dd586c2282a2d8237fe679\",\"name\":\"kreativ\",\"image\":{\"@type\":\"ImageObject\",\"inLanguage\":\"de\",\"@id\":\"https:\/\/kreativ.mindach.net\/#\/schema\/person\/image\/\",\"url\":\"https:\/\/secure.gravatar.com\/avatar\/e83e789771ad1a94b6376fa6ccce6d33c70c4295406720662391ec597cb1e809?s=96&d=mm&r=g\",\"contentUrl\":\"https:\/\/secure.gravatar.com\/avatar\/e83e789771ad1a94b6376fa6ccce6d33c70c4295406720662391ec597cb1e809?s=96&d=mm&r=g\",\"caption\":\"kreativ\"},\"url\":\"https:\/\/kreativ.mindach.net\/index.php\/author\/kreativ\/\"}]}<\/script>\n<!-- \/ Yoast SEO plugin. -->","yoast_head_json":{"title":"\"Sag's mit Blumen\" - Heikes kreative Welt","robots":{"index":"index","follow":"follow","max-snippet":"max-snippet:-1","max-image-preview":"max-image-preview:large","max-video-preview":"max-video-preview:-1"},"canonical":"https:\/\/kreativ.mindach.net\/index.php\/2020\/04\/19\/sags-mit-blumen\/","og_locale":"de_DE","og_type":"article","og_title":"\"Sag's mit Blumen\" - Heikes kreative Welt","og_description":"Hallo Ihr Lieben, diese kleinen Goodies habe ich f\u00fcr liebe Freunde zu Ostern gewerkelt. Warum zeige ich sie Euch eine Woche nach Ostern? Ganz einfach, dieser kleine Tulpenstrau\u00df mit Herzchen eignet sich auch wunderbar f\u00fcr andere Anl\u00e4sse: Zum &#8222;Danke&#8220; sagen, zum Muttertag oder einfach als Mitbringsel in der Fr\u00fchlingszeit. Benutzt habe ich das Produktpaket &#8222;Tulpengr\u00fc\u00dfe&#8220; [&hellip;]","og_url":"https:\/\/kreativ.mindach.net\/index.php\/2020\/04\/19\/sags-mit-blumen\/","og_site_name":"Heikes kreative Welt","article_published_time":"2020-04-19T19:16:47+00:00","article_modified_time":"2020-04-19T20:06:11+00:00","og_image":[{"width":2048,"height":1536,"url":"https:\/\/kreativ.mindach.net\/wp-content\/uploads\/2020\/04\/9A9DD5F0-0381-4918-8F42-72A6EE9EF043.jpeg","type":"image\/jpeg"}],"author":"kreativ","twitter_card":"summary_large_image","twitter_misc":{"Verfasst von":"kreativ"},"schema":{"@context":"https:\/\/schema.org","@graph":[{"@type":"Article","@id":"https:\/\/kreativ.mindach.net\/index.php\/2020\/04\/19\/sags-mit-blumen\/#article","isPartOf":{"@id":"https:\/\/kreativ.mindach.net\/index.php\/2020\/04\/19\/sags-mit-blumen\/"},"author":{"name":"kreativ","@id":"https:\/\/kreativ.mindach.net\/#\/schema\/person\/aeadb1c874dd586c2282a2d8237fe679"},"headline":"&#8222;Sag&#8217;s mit Blumen&#8220;","datePublished":"2020-04-19T19:16:47+00:00","dateModified":"2020-04-19T20:06:11+00:00","mainEntityOfPage":{"@id":"https:\/\/kreativ.mindach.net\/index.php\/2020\/04\/19\/sags-mit-blumen\/"},"wordCount":97,"image":{"@id":"https:\/\/kreativ.mindach.net\/index.php\/2020\/04\/19\/sags-mit-blumen\/#primaryimage"},"thumbnailUrl":"https:\/\/kreativ.mindach.net\/wp-content\/uploads\/2020\/04\/9A9DD5F0-0381-4918-8F42-72A6EE9EF043.jpeg","inLanguage":"de"},{"@type":"WebPage","@id":"https:\/\/kreativ.mindach.net\/index.php\/2020\/04\/19\/sags-mit-blumen\/","url":"https:\/\/kreativ.mindach.net\/index.php\/2020\/04\/19\/sags-mit-blumen\/","name":"\"Sag's mit Blumen\" - Heikes kreative Welt","isPartOf":{"@id":"https:\/\/kreativ.mindach.net\/#website"},"primaryImageOfPage":{"@id":"https:\/\/kreativ.mindach.net\/index.php\/2020\/04\/19\/sags-mit-blumen\/#primaryimage"},"image":{"@id":"https:\/\/kreativ.mindach.net\/index.php\/2020\/04\/19\/sags-mit-blumen\/#primaryimage"},"thumbnailUrl":"https:\/\/kreativ.mindach.net\/wp-content\/uploads\/2020\/04\/9A9DD5F0-0381-4918-8F42-72A6EE9EF043.jpeg","datePublished":"2020-04-19T19:16:47+00:00","dateModified":"2020-04-19T20:06:11+00:00","author":{"@id":"https:\/\/kreativ.mindach.net\/#\/schema\/person\/aeadb1c874dd586c2282a2d8237fe679"},"breadcrumb":{"@id":"https:\/\/kreativ.mindach.net\/index.php\/2020\/04\/19\/sags-mit-blumen\/#breadcrumb"},"inLanguage":"de","potentialAction":[{"@type":"ReadAction","target":["https:\/\/kreativ.mindach.net\/index.php\/2020\/04\/19\/sags-mit-blumen\/"]}]},{"@type":"ImageObject","inLanguage":"de","@id":"https:\/\/kreativ.mindach.net\/index.php\/2020\/04\/19\/sags-mit-blumen\/#primaryimage","url":"https:\/\/kreativ.mindach.net\/wp-content\/uploads\/2020\/04\/9A9DD5F0-0381-4918-8F42-72A6EE9EF043.jpeg","contentUrl":"https:\/\/kreativ.mindach.net\/wp-content\/uploads\/2020\/04\/9A9DD5F0-0381-4918-8F42-72A6EE9EF043.jpeg","width":2048,"height":1536},{"@type":"BreadcrumbList","@id":"https:\/\/kreativ.mindach.net\/index.php\/2020\/04\/19\/sags-mit-blumen\/#breadcrumb","itemListElement":[{"@type":"ListItem","position":1,"name":"Startseite","item":"https:\/\/kreativ.mindach.net\/"},{"@type":"ListItem","position":2,"name":"&#8222;Sag&#8217;s mit Blumen&#8220;"}]},{"@type":"WebSite","@id":"https:\/\/kreativ.mindach.net\/#website","url":"https:\/\/kreativ.mindach.net\/","name":"Heikes kreative Welt","description":"","potentialAction":[{"@type":"SearchAction","target":{"@type":"EntryPoint","urlTemplate":"https:\/\/kreativ.mindach.net\/?s={search_term_string}"},"query-input":{"@type":"PropertyValueSpecification","valueRequired":true,"valueName":"search_term_string"}}],"inLanguage":"de"},{"@type":"Person","@id":"https:\/\/kreativ.mindach.net\/#\/schema\/person\/aeadb1c874dd586c2282a2d8237fe679","name":"kreativ","image":{"@type":"ImageObject","inLanguage":"de","@id":"https:\/\/kreativ.mindach.net\/#\/schema\/person\/image\/","url":"https:\/\/secure.gravatar.com\/avatar\/e83e789771ad1a94b6376fa6ccce6d33c70c4295406720662391ec597cb1e809?s=96&d=mm&r=g","contentUrl":"https:\/\/secure.gravatar.com\/avatar\/e83e789771ad1a94b6376fa6ccce6d33c70c4295406720662391ec597cb1e809?s=96&d=mm&r=g","caption":"kreativ"},"url":"https:\/\/kreativ.mindach.net\/index.php\/author\/kreativ\/"}]}},"jetpack_featured_media_url":"https:\/\/kreativ.mindach.net\/wp-content\/uploads\/2020\/04\/9A9DD5F0-0381-4918-8F42-72A6EE9EF043.jpeg","jetpack_sharing_enabled":true,"_links":{"self":[{"href":"https:\/\/kreativ.mindach.net\/index.php\/wp-json\/wp\/v2\/posts\/306","targetHints":{"allow":["GET"]}}],"collection":[{"href":"https:\/\/kreativ.mindach.net\/index.php\/wp-json\/wp\/v2\/posts"}],"about":[{"href":"https:\/\/kreativ.mindach.net\/index.php\/wp-json\/wp\/v2\/types\/post"}],"author":[{"embeddable":true,"href":"https:\/\/kreativ.mindach.net\/index.php\/wp-json\/wp\/v2\/users\/1"}],"replies":[{"embeddable":true,"href":"https:\/\/kreativ.mindach.net\/index.php\/wp-json\/wp\/v2\/comments?post=306"}],"version-history":[{"count":11,"href":"https:\/\/kreativ.mindach.net\/index.php\/wp-json\/wp\/v2\/posts\/306\/revisions"}],"predecessor-version":[{"id":326,"href":"https:\/\/kreativ.mindach.net\/index.php\/wp-json\/wp\/v2\/posts\/306\/revisions\/326"}],"wp:featuredmedia":[{"embeddable":true,"href":"https:\/\/kreativ.mindach.net\/index.php\/wp-json\/wp\/v2\/media\/307"}],"wp:attachment":[{"href":"https:\/\/kreativ.mindach.net\/index.php\/wp-json\/wp\/v2\/media?parent=306"}],"wp:term":[{"taxonomy":"category","embeddable":true,"href":"https:\/\/kreativ.mindach.net\/index.php\/wp-json\/wp\/v2\/categories?post=306"},{"taxonomy":"post_tag","embeddable":true,"href":"https:\/\/kreativ.mindach.net\/index.php\/wp-json\/wp\/v2\/tags?post=306"}],"curies":[{"name":"wp","href":"https:\/\/api.w.org\/{rel}","templated":true}]}}