{"id":644,"date":"2020-11-02T07:00:00","date_gmt":"2020-11-02T06:00:00","guid":{"rendered":"https:\/\/kreativ.mindach.net\/?p=644"},"modified":"2020-11-02T20:23:59","modified_gmt":"2020-11-02T19:23:59","slug":"blog-hop-team-stempelfroschberlin-zum-thema-weihnachten","status":"publish","type":"post","link":"https:\/\/kreativ.mindach.net\/index.php\/2020\/11\/02\/blog-hop-team-stempelfroschberlin-zum-thema-weihnachten\/","title":{"rendered":"Blog Hop                             Team StempelfroschBerlin                 zum Thema  &#8222;Weihnachten&#8220;"},"content":{"rendered":"\n<p>Heute ist Montag und es ist wieder einmal Zeit f\u00fcr einen neuen Blog Hop vom Team StemeplfroschBerlin. Wir haben  das Thema &#8222;Weihnachten&#8220; und ich zeige Euch eine weihnachtliche Deko-Idee zum Aufh\u00e4ngen. Vielleicht konntet Ihr schon das Projekt meiner Stempelkollegin Sonja von <a href=\"http:\/\/www.kunterbunte-papiertraeume.de\/\"><span class=\"has-inline-color has-light-green-cyan-color\">&#8222;Kunterbunte Papiertr\u00e4ume<\/span><\/a><span class=\"has-inline-color has-light-green-cyan-color\">&#8222;<\/span> bewundern oder Ihr  steigt  direkt bei mir ein.<\/p>\n\n\n\n<div class=\"wp-block-media-text alignwide is-stacked-on-mobile\"><figure class=\"wp-block-media-text__media\"><img loading=\"lazy\" decoding=\"async\" width=\"956\" height=\"1024\" src=\"https:\/\/kreativ.mindach.net\/wp-content\/uploads\/2020\/11\/66945595-EE04-42D7-986A-31493FE1E19F-956x1024.jpeg\" alt=\"\" class=\"wp-image-635\" srcset=\"https:\/\/kreativ.mindach.net\/wp-content\/uploads\/2020\/11\/66945595-EE04-42D7-986A-31493FE1E19F-956x1024.jpeg 956w, https:\/\/kreativ.mindach.net\/wp-content\/uploads\/2020\/11\/66945595-EE04-42D7-986A-31493FE1E19F-280x300.jpeg 280w, https:\/\/kreativ.mindach.net\/wp-content\/uploads\/2020\/11\/66945595-EE04-42D7-986A-31493FE1E19F-768x823.jpeg 768w, https:\/\/kreativ.mindach.net\/wp-content\/uploads\/2020\/11\/66945595-EE04-42D7-986A-31493FE1E19F-1433x1536.jpeg 1433w, https:\/\/kreativ.mindach.net\/wp-content\/uploads\/2020\/11\/66945595-EE04-42D7-986A-31493FE1E19F-1911x2048.jpeg 1911w\" sizes=\"auto, (max-width: 956px) 100vw, 956px\" \/><\/figure><div class=\"wp-block-media-text__content\">\n<p class=\"has-normal-font-size\">Da mir das  Set &#8222;Weihnachtsbl\u00fcten&#8220; sehr gut gef\u00e4llt, habe ich wieder mal ein Projekt damit gewerkelt. <\/p>\n\n\n\n<p>Bei dieser Variante in den weihnachtlichen Farben rot und gr\u00fcn habe ich die Blattadern in  Gold embosst und auf einen Kreis aus  Designerpapier &#8222;Beflockte Bl\u00fcten&#8220; geklebt. Den Hintergrund bildet eine Rosette aus tannengr\u00fcnem Farbkarton.<\/p>\n<\/div><\/div>\n\n\n\n<p><\/p>\n\n\n\n<div class=\"wp-block-media-text alignwide is-stacked-on-mobile\"><figure class=\"wp-block-media-text__media\"><img loading=\"lazy\" decoding=\"async\" width=\"899\" height=\"1024\" src=\"https:\/\/kreativ.mindach.net\/wp-content\/uploads\/2020\/11\/B73FCEAB-B4DB-43FE-BB91-CC44E0A5B83B-scaled-e1604260021282-899x1024.jpeg\" alt=\"\" class=\"wp-image-637\" srcset=\"https:\/\/kreativ.mindach.net\/wp-content\/uploads\/2020\/11\/B73FCEAB-B4DB-43FE-BB91-CC44E0A5B83B-scaled-e1604260021282-899x1024.jpeg 899w, https:\/\/kreativ.mindach.net\/wp-content\/uploads\/2020\/11\/B73FCEAB-B4DB-43FE-BB91-CC44E0A5B83B-scaled-e1604260021282-263x300.jpeg 263w, https:\/\/kreativ.mindach.net\/wp-content\/uploads\/2020\/11\/B73FCEAB-B4DB-43FE-BB91-CC44E0A5B83B-scaled-e1604260021282-768x875.jpeg 768w, https:\/\/kreativ.mindach.net\/wp-content\/uploads\/2020\/11\/B73FCEAB-B4DB-43FE-BB91-CC44E0A5B83B-scaled-e1604260021282-1348x1536.jpeg 1348w, https:\/\/kreativ.mindach.net\/wp-content\/uploads\/2020\/11\/B73FCEAB-B4DB-43FE-BB91-CC44E0A5B83B-scaled-e1604260021282-1797x2048.jpeg 1797w, https:\/\/kreativ.mindach.net\/wp-content\/uploads\/2020\/11\/B73FCEAB-B4DB-43FE-BB91-CC44E0A5B83B-scaled-e1604260021282.jpeg 1920w\" sizes=\"auto, (max-width: 899px) 100vw, 899px\" \/><\/figure><div class=\"wp-block-media-text__content\">\n<p class=\"has-normal-font-size\">In dieser eher winterlichen Version habe ich die Bl\u00fctenbl\u00e4tter in der Farbe Kirschbl\u00fcte gestempelt. Die Rosette hat die Farbe Rauchblau. Die gr\u00fcnen Bl\u00e4tter sind aus Pergamentkarton ausgestanzt.<\/p>\n<\/div><\/div>\n\n\n\n<p><\/p>\n\n\n\n<p>Ich hoffe, Euch gef\u00e4llt meine Idee. Nat\u00fcrlich k\u00f6nnten die Rosetten auch mit Sternen oder Schneeflocken oder, oder&#8230; dekoriert werden. Jetzt klickt unten auf den Frosch, h\u00fcpft weiter und schaut, was meine &#8222;Stempelmama&#8220; Tanja von <a href=\"https:\/\/stempelfroschberlin.de\/2020\/11\/02\/blog-hop-team-stempelfroschberlin-weihnachten\/\"><span class=\"has-inline-color has-light-green-cyan-color\">&#8222;StempelfroschBerlin&#8220;<\/span><\/a> gezaubert hat.  Viel Spa\u00df!<\/p>\n\n\n\n<figure class=\"wp-block-image size-large\"><a href=\"https:\/\/stempelfroschberlin.de\/2020\/11\/02\/blog-hop-team-stempelfroschberlin-weihnachten\/\"><img loading=\"lazy\" decoding=\"async\" width=\"290\" height=\"290\" src=\"https:\/\/kreativ.mindach.net\/wp-content\/uploads\/2020\/05\/image-3.jpg\" alt=\"\" class=\"wp-image-385\" srcset=\"https:\/\/kreativ.mindach.net\/wp-content\/uploads\/2020\/05\/image-3.jpg 290w, https:\/\/kreativ.mindach.net\/wp-content\/uploads\/2020\/05\/image-3-150x150.jpg 150w\" sizes=\"auto, (max-width: 290px) 100vw, 290px\" \/><\/a><\/figure>\n","protected":false},"excerpt":{"rendered":"<p>Heute ist Montag und es ist wieder einmal Zeit f\u00fcr einen neuen Blog Hop vom Team StemeplfroschBerlin. Wir haben das Thema &#8222;Weihnachten&#8220; und ich zeige Euch eine weihnachtliche Deko-Idee zum Aufh\u00e4ngen. Vielleicht konntet Ihr schon das Projekt meiner Stempelkollegin Sonja von &#8222;Kunterbunte Papiertr\u00e4ume&#8222; bewundern oder Ihr steigt direkt bei mir ein. Da mir das Set [&hellip;]<\/p>\n","protected":false},"author":1,"featured_media":646,"comment_status":"closed","ping_status":"closed","sticky":false,"template":"","format":"standard","meta":{"_jetpack_memberships_contains_paid_content":false,"footnotes":""},"categories":[1],"tags":[],"class_list":["post-644","post","type-post","status-publish","format-standard","has-post-thumbnail","hentry","category-allgemein"],"yoast_head":"<!-- This site is optimized with the Yoast SEO plugin v26.7 - https:\/\/yoast.com\/wordpress\/plugins\/seo\/ -->\n<title>Blog Hop               Team StempelfroschBerlin         zum Thema &quot;Weihnachten&quot; - Heikes kreative Welt<\/title>\n<meta name=\"robots\" content=\"index, follow, max-snippet:-1, max-image-preview:large, max-video-preview:-1\" \/>\n<link rel=\"canonical\" href=\"https:\/\/kreativ.mindach.net\/index.php\/2020\/11\/02\/blog-hop-team-stempelfroschberlin-zum-thema-weihnachten\/\" \/>\n<meta property=\"og:locale\" content=\"de_DE\" \/>\n<meta property=\"og:type\" content=\"article\" \/>\n<meta property=\"og:title\" content=\"Blog Hop               Team StempelfroschBerlin         zum Thema &quot;Weihnachten&quot; - Heikes kreative Welt\" \/>\n<meta property=\"og:description\" content=\"Heute ist Montag und es ist wieder einmal Zeit f\u00fcr einen neuen Blog Hop vom Team StemeplfroschBerlin. Wir haben das Thema &#8222;Weihnachten&#8220; und ich zeige Euch eine weihnachtliche Deko-Idee zum Aufh\u00e4ngen. Vielleicht konntet Ihr schon das Projekt meiner Stempelkollegin Sonja von &#8222;Kunterbunte Papiertr\u00e4ume&#8222; bewundern oder Ihr steigt direkt bei mir ein. Da mir das Set [&hellip;]\" \/>\n<meta property=\"og:url\" content=\"https:\/\/kreativ.mindach.net\/index.php\/2020\/11\/02\/blog-hop-team-stempelfroschberlin-zum-thema-weihnachten\/\" \/>\n<meta property=\"og:site_name\" content=\"Heikes kreative Welt\" \/>\n<meta property=\"article:published_time\" content=\"2020-11-02T06:00:00+00:00\" \/>\n<meta property=\"article:modified_time\" content=\"2020-11-02T19:23:59+00:00\" \/>\n<meta property=\"og:image\" content=\"https:\/\/kreativ.mindach.net\/wp-content\/uploads\/2020\/11\/14DA1568-B9D3-41DA-BC55-3579D8E43983-scaled.jpeg\" \/>\n\t<meta property=\"og:image:width\" content=\"2367\" \/>\n\t<meta property=\"og:image:height\" content=\"2560\" \/>\n\t<meta property=\"og:image:type\" content=\"image\/jpeg\" \/>\n<meta name=\"author\" content=\"kreativ\" \/>\n<meta name=\"twitter:card\" content=\"summary_large_image\" \/>\n<meta name=\"twitter:label1\" content=\"Verfasst von\" \/>\n\t<meta name=\"twitter:data1\" content=\"kreativ\" \/>\n\t<meta name=\"twitter:label2\" content=\"Gesch\u00e4tzte Lesezeit\" \/>\n\t<meta name=\"twitter:data2\" content=\"1\u00a0Minute\" \/>\n<script type=\"application\/ld+json\" class=\"yoast-schema-graph\">{\"@context\":\"https:\/\/schema.org\",\"@graph\":[{\"@type\":\"Article\",\"@id\":\"https:\/\/kreativ.mindach.net\/index.php\/2020\/11\/02\/blog-hop-team-stempelfroschberlin-zum-thema-weihnachten\/#article\",\"isPartOf\":{\"@id\":\"https:\/\/kreativ.mindach.net\/index.php\/2020\/11\/02\/blog-hop-team-stempelfroschberlin-zum-thema-weihnachten\/\"},\"author\":{\"name\":\"kreativ\",\"@id\":\"https:\/\/kreativ.mindach.net\/#\/schema\/person\/aeadb1c874dd586c2282a2d8237fe679\"},\"headline\":\"Blog Hop Team StempelfroschBerlin zum Thema &#8222;Weihnachten&#8220;\",\"datePublished\":\"2020-11-02T06:00:00+00:00\",\"dateModified\":\"2020-11-02T19:23:59+00:00\",\"mainEntityOfPage\":{\"@id\":\"https:\/\/kreativ.mindach.net\/index.php\/2020\/11\/02\/blog-hop-team-stempelfroschberlin-zum-thema-weihnachten\/\"},\"wordCount\":191,\"image\":{\"@id\":\"https:\/\/kreativ.mindach.net\/index.php\/2020\/11\/02\/blog-hop-team-stempelfroschberlin-zum-thema-weihnachten\/#primaryimage\"},\"thumbnailUrl\":\"https:\/\/kreativ.mindach.net\/wp-content\/uploads\/2020\/11\/14DA1568-B9D3-41DA-BC55-3579D8E43983-scaled.jpeg\",\"inLanguage\":\"de\"},{\"@type\":\"WebPage\",\"@id\":\"https:\/\/kreativ.mindach.net\/index.php\/2020\/11\/02\/blog-hop-team-stempelfroschberlin-zum-thema-weihnachten\/\",\"url\":\"https:\/\/kreativ.mindach.net\/index.php\/2020\/11\/02\/blog-hop-team-stempelfroschberlin-zum-thema-weihnachten\/\",\"name\":\"Blog Hop Team StempelfroschBerlin zum Thema \\\"Weihnachten\\\" - Heikes kreative Welt\",\"isPartOf\":{\"@id\":\"https:\/\/kreativ.mindach.net\/#website\"},\"primaryImageOfPage\":{\"@id\":\"https:\/\/kreativ.mindach.net\/index.php\/2020\/11\/02\/blog-hop-team-stempelfroschberlin-zum-thema-weihnachten\/#primaryimage\"},\"image\":{\"@id\":\"https:\/\/kreativ.mindach.net\/index.php\/2020\/11\/02\/blog-hop-team-stempelfroschberlin-zum-thema-weihnachten\/#primaryimage\"},\"thumbnailUrl\":\"https:\/\/kreativ.mindach.net\/wp-content\/uploads\/2020\/11\/14DA1568-B9D3-41DA-BC55-3579D8E43983-scaled.jpeg\",\"datePublished\":\"2020-11-02T06:00:00+00:00\",\"dateModified\":\"2020-11-02T19:23:59+00:00\",\"author\":{\"@id\":\"https:\/\/kreativ.mindach.net\/#\/schema\/person\/aeadb1c874dd586c2282a2d8237fe679\"},\"breadcrumb\":{\"@id\":\"https:\/\/kreativ.mindach.net\/index.php\/2020\/11\/02\/blog-hop-team-stempelfroschberlin-zum-thema-weihnachten\/#breadcrumb\"},\"inLanguage\":\"de\",\"potentialAction\":[{\"@type\":\"ReadAction\",\"target\":[\"https:\/\/kreativ.mindach.net\/index.php\/2020\/11\/02\/blog-hop-team-stempelfroschberlin-zum-thema-weihnachten\/\"]}]},{\"@type\":\"ImageObject\",\"inLanguage\":\"de\",\"@id\":\"https:\/\/kreativ.mindach.net\/index.php\/2020\/11\/02\/blog-hop-team-stempelfroschberlin-zum-thema-weihnachten\/#primaryimage\",\"url\":\"https:\/\/kreativ.mindach.net\/wp-content\/uploads\/2020\/11\/14DA1568-B9D3-41DA-BC55-3579D8E43983-scaled.jpeg\",\"contentUrl\":\"https:\/\/kreativ.mindach.net\/wp-content\/uploads\/2020\/11\/14DA1568-B9D3-41DA-BC55-3579D8E43983-scaled.jpeg\",\"width\":2367,\"height\":2560},{\"@type\":\"BreadcrumbList\",\"@id\":\"https:\/\/kreativ.mindach.net\/index.php\/2020\/11\/02\/blog-hop-team-stempelfroschberlin-zum-thema-weihnachten\/#breadcrumb\",\"itemListElement\":[{\"@type\":\"ListItem\",\"position\":1,\"name\":\"Startseite\",\"item\":\"https:\/\/kreativ.mindach.net\/\"},{\"@type\":\"ListItem\",\"position\":2,\"name\":\"Blog Hop Team StempelfroschBerlin zum Thema &#8222;Weihnachten&#8220;\"}]},{\"@type\":\"WebSite\",\"@id\":\"https:\/\/kreativ.mindach.net\/#website\",\"url\":\"https:\/\/kreativ.mindach.net\/\",\"name\":\"Heikes kreative Welt\",\"description\":\"\",\"potentialAction\":[{\"@type\":\"SearchAction\",\"target\":{\"@type\":\"EntryPoint\",\"urlTemplate\":\"https:\/\/kreativ.mindach.net\/?s={search_term_string}\"},\"query-input\":{\"@type\":\"PropertyValueSpecification\",\"valueRequired\":true,\"valueName\":\"search_term_string\"}}],\"inLanguage\":\"de\"},{\"@type\":\"Person\",\"@id\":\"https:\/\/kreativ.mindach.net\/#\/schema\/person\/aeadb1c874dd586c2282a2d8237fe679\",\"name\":\"kreativ\",\"image\":{\"@type\":\"ImageObject\",\"inLanguage\":\"de\",\"@id\":\"https:\/\/kreativ.mindach.net\/#\/schema\/person\/image\/\",\"url\":\"https:\/\/secure.gravatar.com\/avatar\/e83e789771ad1a94b6376fa6ccce6d33c70c4295406720662391ec597cb1e809?s=96&d=mm&r=g\",\"contentUrl\":\"https:\/\/secure.gravatar.com\/avatar\/e83e789771ad1a94b6376fa6ccce6d33c70c4295406720662391ec597cb1e809?s=96&d=mm&r=g\",\"caption\":\"kreativ\"},\"url\":\"https:\/\/kreativ.mindach.net\/index.php\/author\/kreativ\/\"}]}<\/script>\n<!-- \/ Yoast SEO plugin. -->","yoast_head_json":{"title":"Blog Hop               Team StempelfroschBerlin         zum Thema \"Weihnachten\" - Heikes kreative Welt","robots":{"index":"index","follow":"follow","max-snippet":"max-snippet:-1","max-image-preview":"max-image-preview:large","max-video-preview":"max-video-preview:-1"},"canonical":"https:\/\/kreativ.mindach.net\/index.php\/2020\/11\/02\/blog-hop-team-stempelfroschberlin-zum-thema-weihnachten\/","og_locale":"de_DE","og_type":"article","og_title":"Blog Hop               Team StempelfroschBerlin         zum Thema \"Weihnachten\" - Heikes kreative Welt","og_description":"Heute ist Montag und es ist wieder einmal Zeit f\u00fcr einen neuen Blog Hop vom Team StemeplfroschBerlin. Wir haben das Thema &#8222;Weihnachten&#8220; und ich zeige Euch eine weihnachtliche Deko-Idee zum Aufh\u00e4ngen. Vielleicht konntet Ihr schon das Projekt meiner Stempelkollegin Sonja von &#8222;Kunterbunte Papiertr\u00e4ume&#8222; bewundern oder Ihr steigt direkt bei mir ein. Da mir das Set [&hellip;]","og_url":"https:\/\/kreativ.mindach.net\/index.php\/2020\/11\/02\/blog-hop-team-stempelfroschberlin-zum-thema-weihnachten\/","og_site_name":"Heikes kreative Welt","article_published_time":"2020-11-02T06:00:00+00:00","article_modified_time":"2020-11-02T19:23:59+00:00","og_image":[{"width":2367,"height":2560,"url":"https:\/\/kreativ.mindach.net\/wp-content\/uploads\/2020\/11\/14DA1568-B9D3-41DA-BC55-3579D8E43983-scaled.jpeg","type":"image\/jpeg"}],"author":"kreativ","twitter_card":"summary_large_image","twitter_misc":{"Verfasst von":"kreativ","Gesch\u00e4tzte Lesezeit":"1\u00a0Minute"},"schema":{"@context":"https:\/\/schema.org","@graph":[{"@type":"Article","@id":"https:\/\/kreativ.mindach.net\/index.php\/2020\/11\/02\/blog-hop-team-stempelfroschberlin-zum-thema-weihnachten\/#article","isPartOf":{"@id":"https:\/\/kreativ.mindach.net\/index.php\/2020\/11\/02\/blog-hop-team-stempelfroschberlin-zum-thema-weihnachten\/"},"author":{"name":"kreativ","@id":"https:\/\/kreativ.mindach.net\/#\/schema\/person\/aeadb1c874dd586c2282a2d8237fe679"},"headline":"Blog Hop Team StempelfroschBerlin zum Thema &#8222;Weihnachten&#8220;","datePublished":"2020-11-02T06:00:00+00:00","dateModified":"2020-11-02T19:23:59+00:00","mainEntityOfPage":{"@id":"https:\/\/kreativ.mindach.net\/index.php\/2020\/11\/02\/blog-hop-team-stempelfroschberlin-zum-thema-weihnachten\/"},"wordCount":191,"image":{"@id":"https:\/\/kreativ.mindach.net\/index.php\/2020\/11\/02\/blog-hop-team-stempelfroschberlin-zum-thema-weihnachten\/#primaryimage"},"thumbnailUrl":"https:\/\/kreativ.mindach.net\/wp-content\/uploads\/2020\/11\/14DA1568-B9D3-41DA-BC55-3579D8E43983-scaled.jpeg","inLanguage":"de"},{"@type":"WebPage","@id":"https:\/\/kreativ.mindach.net\/index.php\/2020\/11\/02\/blog-hop-team-stempelfroschberlin-zum-thema-weihnachten\/","url":"https:\/\/kreativ.mindach.net\/index.php\/2020\/11\/02\/blog-hop-team-stempelfroschberlin-zum-thema-weihnachten\/","name":"Blog Hop Team StempelfroschBerlin zum Thema \"Weihnachten\" - Heikes kreative Welt","isPartOf":{"@id":"https:\/\/kreativ.mindach.net\/#website"},"primaryImageOfPage":{"@id":"https:\/\/kreativ.mindach.net\/index.php\/2020\/11\/02\/blog-hop-team-stempelfroschberlin-zum-thema-weihnachten\/#primaryimage"},"image":{"@id":"https:\/\/kreativ.mindach.net\/index.php\/2020\/11\/02\/blog-hop-team-stempelfroschberlin-zum-thema-weihnachten\/#primaryimage"},"thumbnailUrl":"https:\/\/kreativ.mindach.net\/wp-content\/uploads\/2020\/11\/14DA1568-B9D3-41DA-BC55-3579D8E43983-scaled.jpeg","datePublished":"2020-11-02T06:00:00+00:00","dateModified":"2020-11-02T19:23:59+00:00","author":{"@id":"https:\/\/kreativ.mindach.net\/#\/schema\/person\/aeadb1c874dd586c2282a2d8237fe679"},"breadcrumb":{"@id":"https:\/\/kreativ.mindach.net\/index.php\/2020\/11\/02\/blog-hop-team-stempelfroschberlin-zum-thema-weihnachten\/#breadcrumb"},"inLanguage":"de","potentialAction":[{"@type":"ReadAction","target":["https:\/\/kreativ.mindach.net\/index.php\/2020\/11\/02\/blog-hop-team-stempelfroschberlin-zum-thema-weihnachten\/"]}]},{"@type":"ImageObject","inLanguage":"de","@id":"https:\/\/kreativ.mindach.net\/index.php\/2020\/11\/02\/blog-hop-team-stempelfroschberlin-zum-thema-weihnachten\/#primaryimage","url":"https:\/\/kreativ.mindach.net\/wp-content\/uploads\/2020\/11\/14DA1568-B9D3-41DA-BC55-3579D8E43983-scaled.jpeg","contentUrl":"https:\/\/kreativ.mindach.net\/wp-content\/uploads\/2020\/11\/14DA1568-B9D3-41DA-BC55-3579D8E43983-scaled.jpeg","width":2367,"height":2560},{"@type":"BreadcrumbList","@id":"https:\/\/kreativ.mindach.net\/index.php\/2020\/11\/02\/blog-hop-team-stempelfroschberlin-zum-thema-weihnachten\/#breadcrumb","itemListElement":[{"@type":"ListItem","position":1,"name":"Startseite","item":"https:\/\/kreativ.mindach.net\/"},{"@type":"ListItem","position":2,"name":"Blog Hop Team StempelfroschBerlin zum Thema &#8222;Weihnachten&#8220;"}]},{"@type":"WebSite","@id":"https:\/\/kreativ.mindach.net\/#website","url":"https:\/\/kreativ.mindach.net\/","name":"Heikes kreative Welt","description":"","potentialAction":[{"@type":"SearchAction","target":{"@type":"EntryPoint","urlTemplate":"https:\/\/kreativ.mindach.net\/?s={search_term_string}"},"query-input":{"@type":"PropertyValueSpecification","valueRequired":true,"valueName":"search_term_string"}}],"inLanguage":"de"},{"@type":"Person","@id":"https:\/\/kreativ.mindach.net\/#\/schema\/person\/aeadb1c874dd586c2282a2d8237fe679","name":"kreativ","image":{"@type":"ImageObject","inLanguage":"de","@id":"https:\/\/kreativ.mindach.net\/#\/schema\/person\/image\/","url":"https:\/\/secure.gravatar.com\/avatar\/e83e789771ad1a94b6376fa6ccce6d33c70c4295406720662391ec597cb1e809?s=96&d=mm&r=g","contentUrl":"https:\/\/secure.gravatar.com\/avatar\/e83e789771ad1a94b6376fa6ccce6d33c70c4295406720662391ec597cb1e809?s=96&d=mm&r=g","caption":"kreativ"},"url":"https:\/\/kreativ.mindach.net\/index.php\/author\/kreativ\/"}]}},"jetpack_featured_media_url":"https:\/\/kreativ.mindach.net\/wp-content\/uploads\/2020\/11\/14DA1568-B9D3-41DA-BC55-3579D8E43983-scaled.jpeg","jetpack_sharing_enabled":true,"_links":{"self":[{"href":"https:\/\/kreativ.mindach.net\/index.php\/wp-json\/wp\/v2\/posts\/644","targetHints":{"allow":["GET"]}}],"collection":[{"href":"https:\/\/kreativ.mindach.net\/index.php\/wp-json\/wp\/v2\/posts"}],"about":[{"href":"https:\/\/kreativ.mindach.net\/index.php\/wp-json\/wp\/v2\/types\/post"}],"author":[{"embeddable":true,"href":"https:\/\/kreativ.mindach.net\/index.php\/wp-json\/wp\/v2\/users\/1"}],"replies":[{"embeddable":true,"href":"https:\/\/kreativ.mindach.net\/index.php\/wp-json\/wp\/v2\/comments?post=644"}],"version-history":[{"count":14,"href":"https:\/\/kreativ.mindach.net\/index.php\/wp-json\/wp\/v2\/posts\/644\/revisions"}],"predecessor-version":[{"id":665,"href":"https:\/\/kreativ.mindach.net\/index.php\/wp-json\/wp\/v2\/posts\/644\/revisions\/665"}],"wp:featuredmedia":[{"embeddable":true,"href":"https:\/\/kreativ.mindach.net\/index.php\/wp-json\/wp\/v2\/media\/646"}],"wp:attachment":[{"href":"https:\/\/kreativ.mindach.net\/index.php\/wp-json\/wp\/v2\/media?parent=644"}],"wp:term":[{"taxonomy":"category","embeddable":true,"href":"https:\/\/kreativ.mindach.net\/index.php\/wp-json\/wp\/v2\/categories?post=644"},{"taxonomy":"post_tag","embeddable":true,"href":"https:\/\/kreativ.mindach.net\/index.php\/wp-json\/wp\/v2\/tags?post=644"}],"curies":[{"name":"wp","href":"https:\/\/api.w.org\/{rel}","templated":true}]}}