{"id":689,"date":"2021-01-04T07:00:00","date_gmt":"2021-01-04T06:00:00","guid":{"rendered":"https:\/\/kreativ.mindach.net\/?p=689"},"modified":"2021-01-04T19:27:42","modified_gmt":"2021-01-04T18:27:42","slug":"blog-hop-team-stempelfroschberlin-kreativ-ins-jahr-2021","status":"publish","type":"post","link":"https:\/\/kreativ.mindach.net\/index.php\/2021\/01\/04\/blog-hop-team-stempelfroschberlin-kreativ-ins-jahr-2021\/","title":{"rendered":"Blog Hop Team Stempelfroschberlin: Kreativ ins Jahr 2021"},"content":{"rendered":"\n<p>Guten Morgen und herzlich willkommen zum ersten Blog Hop vom Team Stempelfroschberlin im neuen Jahr. Vielleicht kommst Du gerade von meiner Stempelschwester <span class=\"has-inline-color has-vivid-cyan-blue-color\"><a href=\"https:\/\/ratzisbastelkueche.de\/2021\/01\/04\/blog-hop-team-stempelfroschberlin-kreativ-ins-jahr-2021\/\">Cindy von &#8222;Ratzis Bastelk\u00fcche&#8220;<\/a><\/span><a href=\"https:\/\/ratzisbastelkueche.de\/\"> <\/a>und konntest bereits ihre Idee zum Thema  &#8220; Kreativ ins Jahr 2021&#8243; bewundern oder Du steigst bei mir ein.<\/p>\n\n\n\n<p>Ich habe ein wenig mit dem Designerpapier &#8222;Ombr\u00e9&#8220; gespielt. Dieses Papier ist eines von vielen  Artikeln, die Du Dir w\u00e4hrend der &#8222;Sale-a-bration&#8220;  (Beginn 5.1.2021) ab einem Bestellwert von 60,00 \u20ac aussuchen kannst und gratis dazu bekommst.<\/p>\n\n\n\n<p>Dieses Papier gibt es in den Farben Rokoko-Rosa, Gr\u00fcner Apfel, Brombeermousse und Bermudablau. Ich habe in jeder Farbe eine Karte gewerkelt.<\/p>\n\n\n\n<p><\/p>\n\n\n\n<div class=\"wp-block-media-text alignwide is-stacked-on-mobile\"><figure class=\"wp-block-media-text__media\"><img loading=\"lazy\" decoding=\"async\" width=\"1024\" height=\"875\" src=\"https:\/\/kreativ.mindach.net\/wp-content\/uploads\/2021\/01\/DF39DE8C-19F6-4CEC-8AB2-C00B63BE3CC2-1024x875.jpeg\" alt=\"\" class=\"wp-image-682 size-full\" srcset=\"https:\/\/kreativ.mindach.net\/wp-content\/uploads\/2021\/01\/DF39DE8C-19F6-4CEC-8AB2-C00B63BE3CC2-1024x875.jpeg 1024w, https:\/\/kreativ.mindach.net\/wp-content\/uploads\/2021\/01\/DF39DE8C-19F6-4CEC-8AB2-C00B63BE3CC2-300x256.jpeg 300w, https:\/\/kreativ.mindach.net\/wp-content\/uploads\/2021\/01\/DF39DE8C-19F6-4CEC-8AB2-C00B63BE3CC2-768x656.jpeg 768w, https:\/\/kreativ.mindach.net\/wp-content\/uploads\/2021\/01\/DF39DE8C-19F6-4CEC-8AB2-C00B63BE3CC2-1536x1313.jpeg 1536w, https:\/\/kreativ.mindach.net\/wp-content\/uploads\/2021\/01\/DF39DE8C-19F6-4CEC-8AB2-C00B63BE3CC2-2048x1750.jpeg 2048w\" sizes=\"auto, (max-width: 1024px) 100vw, 1024px\" \/><\/figure><div class=\"wp-block-media-text__content\">\n<p class=\"has-normal-font-size\">Bei dieser Karte habe ich das Designerpapier in Rokoko-Rosa mit kleinen wei\u00dfen Kreisen gew\u00e4hlt und mit Farbkarton in Rokoko-Rosa gemattet. Das Ganze habe ich auf eine Grundkarte in Fl\u00fcsterwei\u00df geklebt. Ich mochte den sch\u00f6nen Farbverlauf nicht zu sehr verdecken und habe daher die Karte neben dem Gru\u00df nur mit ein paar Strass-Steinen und einem mit Stempelfarbe in Rokoko-Rosa gef\u00e4rbten Band verziert.<\/p>\n\n\n\n<p><\/p>\n<\/div><\/div>\n\n\n\n<p><\/p>\n\n\n\n<div class=\"wp-block-media-text alignwide is-stacked-on-mobile\"><figure class=\"wp-block-media-text__media\"><img loading=\"lazy\" decoding=\"async\" width=\"777\" height=\"1024\" src=\"https:\/\/kreativ.mindach.net\/wp-content\/uploads\/2021\/01\/806D7118-A769-46CE-B62D-2109D9455ED0-777x1024.jpeg\" alt=\"\" class=\"wp-image-683 size-full\" srcset=\"https:\/\/kreativ.mindach.net\/wp-content\/uploads\/2021\/01\/806D7118-A769-46CE-B62D-2109D9455ED0-777x1024.jpeg 777w, https:\/\/kreativ.mindach.net\/wp-content\/uploads\/2021\/01\/806D7118-A769-46CE-B62D-2109D9455ED0-228x300.jpeg 228w, https:\/\/kreativ.mindach.net\/wp-content\/uploads\/2021\/01\/806D7118-A769-46CE-B62D-2109D9455ED0-768x1012.jpeg 768w, https:\/\/kreativ.mindach.net\/wp-content\/uploads\/2021\/01\/806D7118-A769-46CE-B62D-2109D9455ED0-1165x1536.jpeg 1165w, https:\/\/kreativ.mindach.net\/wp-content\/uploads\/2021\/01\/806D7118-A769-46CE-B62D-2109D9455ED0-1554x2048.jpeg 1554w, https:\/\/kreativ.mindach.net\/wp-content\/uploads\/2021\/01\/806D7118-A769-46CE-B62D-2109D9455ED0-scaled.jpeg 1942w\" sizes=\"auto, (max-width: 777px) 100vw, 777px\" \/><\/figure><div class=\"wp-block-media-text__content\">\n<p class=\"has-normal-font-size\">Auch diese Karte in Bermudablau habe ich nur dezent dekoriert. Die Rahmen habe ich bei beiden Karten mit den Stanzformen &#8222;So h\u00fcbsch bestickt&#8220; ausgestanzt.<\/p>\n<\/div><\/div>\n\n\n\n<p><\/p>\n\n\n\n<div class=\"wp-block-media-text alignwide is-stacked-on-mobile\"><figure class=\"wp-block-media-text__media\"><img loading=\"lazy\" decoding=\"async\" width=\"1024\" height=\"768\" src=\"https:\/\/kreativ.mindach.net\/wp-content\/uploads\/2021\/01\/A4253AA4-D492-4D3A-B6F7-7017DA1C9E23-1024x768.jpeg\" alt=\"\" class=\"wp-image-687 size-full\" srcset=\"https:\/\/kreativ.mindach.net\/wp-content\/uploads\/2021\/01\/A4253AA4-D492-4D3A-B6F7-7017DA1C9E23-1024x768.jpeg 1024w, https:\/\/kreativ.mindach.net\/wp-content\/uploads\/2021\/01\/A4253AA4-D492-4D3A-B6F7-7017DA1C9E23-300x225.jpeg 300w, https:\/\/kreativ.mindach.net\/wp-content\/uploads\/2021\/01\/A4253AA4-D492-4D3A-B6F7-7017DA1C9E23-768x576.jpeg 768w, https:\/\/kreativ.mindach.net\/wp-content\/uploads\/2021\/01\/A4253AA4-D492-4D3A-B6F7-7017DA1C9E23-1536x1152.jpeg 1536w, https:\/\/kreativ.mindach.net\/wp-content\/uploads\/2021\/01\/A4253AA4-D492-4D3A-B6F7-7017DA1C9E23-2048x1536.jpeg 2048w\" sizes=\"auto, (max-width: 1024px) 100vw, 1024px\" \/><\/figure><div class=\"wp-block-media-text__content\">\n<p class=\"has-normal-font-size\">Bei dieser Karte in der Farbe Bromberermousse habe ich den Farbverlauf ohne Muster gew\u00e4hlt. Die Mattung ist auch in der Farbe Brombeermousse, obwohl es auf dem Foto fast wie schwarz aussieht. Den Aufleger hatte ich noch in meinen Best\u00e4nden. Zurzeit ist &#8222;Lasergeschnittenes Spezialpapier Ewiges Gold&#8220; bestellbar. Da diese B\u00f6gen auch eine wei\u00dfe Seite haben, k\u00f6nntest Du diese benutzen.<\/p>\n<\/div><\/div>\n\n\n\n<p><\/p>\n\n\n\n<div class=\"wp-block-media-text alignwide is-stacked-on-mobile\"><figure class=\"wp-block-media-text__media\"><img loading=\"lazy\" decoding=\"async\" width=\"866\" height=\"1024\" src=\"https:\/\/kreativ.mindach.net\/wp-content\/uploads\/2021\/01\/87AFF47A-8960-49EC-95F4-55AB42592804-866x1024.jpeg\" alt=\"\" class=\"wp-image-679 size-full\" srcset=\"https:\/\/kreativ.mindach.net\/wp-content\/uploads\/2021\/01\/87AFF47A-8960-49EC-95F4-55AB42592804-866x1024.jpeg 866w, https:\/\/kreativ.mindach.net\/wp-content\/uploads\/2021\/01\/87AFF47A-8960-49EC-95F4-55AB42592804-254x300.jpeg 254w, https:\/\/kreativ.mindach.net\/wp-content\/uploads\/2021\/01\/87AFF47A-8960-49EC-95F4-55AB42592804-768x908.jpeg 768w, https:\/\/kreativ.mindach.net\/wp-content\/uploads\/2021\/01\/87AFF47A-8960-49EC-95F4-55AB42592804-1300x1536.jpeg 1300w, https:\/\/kreativ.mindach.net\/wp-content\/uploads\/2021\/01\/87AFF47A-8960-49EC-95F4-55AB42592804-1733x2048.jpeg 1733w\" sizes=\"auto, (max-width: 866px) 100vw, 866px\" \/><\/figure><div class=\"wp-block-media-text__content\">\n<p class=\"has-normal-font-size\">Auch bei dieser Karte in der Farbe Gr\u00fcner Apfel  habe ich einen filigranen Aufleger gew\u00e4hlt, der den Farbverlauf gut zur Geltung kommen l\u00e4sst. Den Spruch und die passende Mattung habe ich mit den Stanzformen &#8222;Raffiniert Bestickte Rahmen&#8220; ausgestanzt.<\/p>\n<\/div><\/div>\n\n\n\n<p><\/p>\n\n\n\n<p>So, das war&#8217;s von mir.  <\/p>\n\n\n\n<p>Nein &#8211; heute schicke ich Dich noch nicht weiter- meine &#8222;Stempelschwester&#8220; Christine zeigt Dir hier ihren Beitrag zum Thema &#8222;Kreativ ins Jahr 2021&#8220;  &#8222;<\/p>\n\n\n\n<p>Da ich keinen eigenen Blog habe, &nbsp;hat sich die liebe Heike bereit erkl\u00e4rt, &nbsp;meinen Beitrag zu posten. Vielen lieben Dank Heike !&nbsp;<br><\/p>\n\n\n\n<p>Mein kreatives Jahr startet gleich 3x schwungvoll!<\/p>\n\n\n\n<div class=\"wp-block-media-text alignwide is-stacked-on-mobile\"><figure class=\"wp-block-media-text__media\"><img loading=\"lazy\" decoding=\"async\" width=\"1024\" height=\"620\" src=\"https:\/\/kreativ.mindach.net\/wp-content\/uploads\/2021\/01\/AD7488B8-0698-4E1D-B5AA-7E2CEC91938F-1024x620.jpeg\" alt=\"\" class=\"wp-image-677 size-full\" srcset=\"https:\/\/kreativ.mindach.net\/wp-content\/uploads\/2021\/01\/AD7488B8-0698-4E1D-B5AA-7E2CEC91938F-1024x620.jpeg 1024w, https:\/\/kreativ.mindach.net\/wp-content\/uploads\/2021\/01\/AD7488B8-0698-4E1D-B5AA-7E2CEC91938F-300x182.jpeg 300w, https:\/\/kreativ.mindach.net\/wp-content\/uploads\/2021\/01\/AD7488B8-0698-4E1D-B5AA-7E2CEC91938F-768x465.jpeg 768w, https:\/\/kreativ.mindach.net\/wp-content\/uploads\/2021\/01\/AD7488B8-0698-4E1D-B5AA-7E2CEC91938F-1536x929.jpeg 1536w, https:\/\/kreativ.mindach.net\/wp-content\/uploads\/2021\/01\/AD7488B8-0698-4E1D-B5AA-7E2CEC91938F.jpeg 1595w\" sizes=\"auto, (max-width: 1024px) 100vw, 1024px\" \/><\/figure><div class=\"wp-block-media-text__content\">\n<p class=\"has-normal-font-size\">Ich habe das Stempelset &#8222;sch\u00f6n &nbsp;schwungvoll&#8220; und die Stanzen &#8222;mit Schwung&#8220; aus dem neuen Mini-Katalog verwendet. Das DSP &#8222;Wiesenblumen&#8220; stammt aus der neuen Sale-a-bration.<br>Der Cardstock ist Aquamarin, Safrangelb und Bl\u00fctenrosa.<\/p>\n<\/div><\/div>\n\n\n\n<p><\/p>\n\n\n\n<div class=\"wp-block-media-text alignwide is-stacked-on-mobile\"><figure class=\"wp-block-media-text__media\"><img loading=\"lazy\" decoding=\"async\" width=\"1024\" height=\"633\" src=\"https:\/\/kreativ.mindach.net\/wp-content\/uploads\/2021\/01\/931812CD-AC14-43D9-AB8F-C8FD5961C889-1024x633.jpeg\" alt=\"\" class=\"wp-image-680 size-full\" srcset=\"https:\/\/kreativ.mindach.net\/wp-content\/uploads\/2021\/01\/931812CD-AC14-43D9-AB8F-C8FD5961C889-1024x633.jpeg 1024w, https:\/\/kreativ.mindach.net\/wp-content\/uploads\/2021\/01\/931812CD-AC14-43D9-AB8F-C8FD5961C889-300x186.jpeg 300w, https:\/\/kreativ.mindach.net\/wp-content\/uploads\/2021\/01\/931812CD-AC14-43D9-AB8F-C8FD5961C889-768x475.jpeg 768w, https:\/\/kreativ.mindach.net\/wp-content\/uploads\/2021\/01\/931812CD-AC14-43D9-AB8F-C8FD5961C889-1536x950.jpeg 1536w, https:\/\/kreativ.mindach.net\/wp-content\/uploads\/2021\/01\/931812CD-AC14-43D9-AB8F-C8FD5961C889.jpeg 1594w\" sizes=\"auto, (max-width: 1024px) 100vw, 1024px\" \/><\/figure><div class=\"wp-block-media-text__content\">\n<p class=\"has-normal-font-size\">Die Einleger sind in Fl\u00fcsterwei\u00df. Von den Stempelkissen habe ich Aventurin, Aquamarin, Granit sowie Schwarz verwendet. <\/p>\n\n\n\n<p><\/p>\n\n\n\n<p> <\/p>\n<\/div><\/div>\n\n\n\n<p><\/p>\n\n\n\n<div class=\"wp-block-media-text alignwide is-stacked-on-mobile\"><figure class=\"wp-block-media-text__media\"><img loading=\"lazy\" decoding=\"async\" width=\"775\" height=\"1024\" src=\"https:\/\/kreativ.mindach.net\/wp-content\/uploads\/2021\/01\/D6B3BC49-D797-4C7E-BEFA-D6399E902B25-775x1024.jpeg\" alt=\"\" class=\"wp-image-678 size-full\" srcset=\"https:\/\/kreativ.mindach.net\/wp-content\/uploads\/2021\/01\/D6B3BC49-D797-4C7E-BEFA-D6399E902B25-775x1024.jpeg 775w, https:\/\/kreativ.mindach.net\/wp-content\/uploads\/2021\/01\/D6B3BC49-D797-4C7E-BEFA-D6399E902B25-227x300.jpeg 227w, https:\/\/kreativ.mindach.net\/wp-content\/uploads\/2021\/01\/D6B3BC49-D797-4C7E-BEFA-D6399E902B25-768x1014.jpeg 768w, https:\/\/kreativ.mindach.net\/wp-content\/uploads\/2021\/01\/D6B3BC49-D797-4C7E-BEFA-D6399E902B25-1163x1536.jpeg 1163w, https:\/\/kreativ.mindach.net\/wp-content\/uploads\/2021\/01\/D6B3BC49-D797-4C7E-BEFA-D6399E902B25.jpeg 1200w\" sizes=\"auto, (max-width: 775px) 100vw, 775px\" \/><\/figure><div class=\"wp-block-media-text__content\">\n<p class=\"has-normal-font-size\">Die B\u00e4nder sind in den Farben Osterglocke und Aquamarin.&nbsp;<br>Zus\u00e4tzlich habe ich die Stempelsets &#8222;sch\u00f6nster Geburtstag&#8220; und &#8222;mit Liebe zum Detail&#8220;.&nbsp;<br>Ich hoffe, Euch gef\u00e4llt mein schwungvoller Start !&nbsp;<br>Liebe Gr\u00fc\u00dfe Christine<\/p>\n<\/div><\/div>\n\n\n\n<p><\/p>\n\n\n\n<p>So &#8211; und jetzt geht es weiter zur lieben <a href=\"https:\/\/www.kleine-stempelmiez.de\/\"><span class=\"has-inline-color has-vivid-cyan-blue-color\">K<\/span><\/a><span class=\"has-inline-color has-vivid-cyan-blue-color\"><a href=\"https:\/\/www.kleine-stempelmiez.de\/\">atja von &#8222;Kleine Stempelmiez&#8220;<\/a><\/span>. Ich w\u00fcnsche Dir viel Spa\u00df beim Weiterh\u00fcpfen. <\/p>\n\n\n\n<p>Herzliche Gr\u00fc\u00dfe <\/p>\n\n\n\n<p>Heike<\/p>\n\n\n\n<figure class=\"wp-block-image size-large\"><a href=\"https:\/\/www.kleine-stempelmiez.de\/\"><img loading=\"lazy\" decoding=\"async\" width=\"290\" height=\"290\" src=\"https:\/\/kreativ.mindach.net\/wp-content\/uploads\/2020\/05\/image-3.jpg\" alt=\"\" class=\"wp-image-385\" srcset=\"https:\/\/kreativ.mindach.net\/wp-content\/uploads\/2020\/05\/image-3.jpg 290w, https:\/\/kreativ.mindach.net\/wp-content\/uploads\/2020\/05\/image-3-150x150.jpg 150w\" sizes=\"auto, (max-width: 290px) 100vw, 290px\" \/><\/a><\/figure>\n","protected":false},"excerpt":{"rendered":"<p>Guten Morgen und herzlich willkommen zum ersten Blog Hop vom Team Stempelfroschberlin im neuen Jahr. Vielleicht kommst Du gerade von meiner Stempelschwester Cindy von &#8222;Ratzis Bastelk\u00fcche&#8220; und konntest bereits ihre Idee zum Thema &#8220; Kreativ ins Jahr 2021&#8243; bewundern oder Du steigst bei mir ein. Ich habe ein wenig mit dem Designerpapier &#8222;Ombr\u00e9&#8220; gespielt. Dieses [&hellip;]<\/p>\n","protected":false},"author":1,"featured_media":688,"comment_status":"closed","ping_status":"closed","sticky":false,"template":"","format":"standard","meta":{"_jetpack_memberships_contains_paid_content":false,"footnotes":""},"categories":[1],"tags":[],"class_list":["post-689","post","type-post","status-publish","format-standard","has-post-thumbnail","hentry","category-allgemein"],"yoast_head":"<!-- This site is optimized with the Yoast SEO plugin v26.7 - https:\/\/yoast.com\/wordpress\/plugins\/seo\/ -->\n<title>Blog Hop Team Stempelfroschberlin: Kreativ ins Jahr 2021 - Heikes kreative Welt<\/title>\n<meta name=\"robots\" content=\"index, follow, max-snippet:-1, max-image-preview:large, max-video-preview:-1\" \/>\n<link rel=\"canonical\" href=\"https:\/\/kreativ.mindach.net\/index.php\/2021\/01\/04\/blog-hop-team-stempelfroschberlin-kreativ-ins-jahr-2021\/\" \/>\n<meta property=\"og:locale\" content=\"de_DE\" \/>\n<meta property=\"og:type\" content=\"article\" \/>\n<meta property=\"og:title\" content=\"Blog Hop Team Stempelfroschberlin: Kreativ ins Jahr 2021 - Heikes kreative Welt\" \/>\n<meta property=\"og:description\" content=\"Guten Morgen und herzlich willkommen zum ersten Blog Hop vom Team Stempelfroschberlin im neuen Jahr. Vielleicht kommst Du gerade von meiner Stempelschwester Cindy von &#8222;Ratzis Bastelk\u00fcche&#8220; und konntest bereits ihre Idee zum Thema &#8220; Kreativ ins Jahr 2021&#8243; bewundern oder Du steigst bei mir ein. Ich habe ein wenig mit dem Designerpapier &#8222;Ombr\u00e9&#8220; gespielt. Dieses [&hellip;]\" \/>\n<meta property=\"og:url\" content=\"https:\/\/kreativ.mindach.net\/index.php\/2021\/01\/04\/blog-hop-team-stempelfroschberlin-kreativ-ins-jahr-2021\/\" \/>\n<meta property=\"og:site_name\" content=\"Heikes kreative Welt\" \/>\n<meta property=\"article:published_time\" content=\"2021-01-04T06:00:00+00:00\" \/>\n<meta property=\"article:modified_time\" content=\"2021-01-04T18:27:42+00:00\" \/>\n<meta property=\"og:image\" content=\"https:\/\/kreativ.mindach.net\/wp-content\/uploads\/2021\/01\/E10B9ACB-AC66-4DF7-96C3-F84F4647421C-scaled.jpeg\" \/>\n\t<meta property=\"og:image:width\" content=\"2560\" \/>\n\t<meta property=\"og:image:height\" content=\"1534\" \/>\n\t<meta property=\"og:image:type\" content=\"image\/jpeg\" \/>\n<meta name=\"author\" content=\"kreativ\" \/>\n<meta name=\"twitter:card\" content=\"summary_large_image\" \/>\n<meta name=\"twitter:label1\" content=\"Verfasst von\" \/>\n\t<meta name=\"twitter:data1\" content=\"kreativ\" \/>\n\t<meta name=\"twitter:label2\" content=\"Gesch\u00e4tzte Lesezeit\" \/>\n\t<meta name=\"twitter:data2\" content=\"2\u00a0Minuten\" \/>\n<script type=\"application\/ld+json\" class=\"yoast-schema-graph\">{\"@context\":\"https:\/\/schema.org\",\"@graph\":[{\"@type\":\"Article\",\"@id\":\"https:\/\/kreativ.mindach.net\/index.php\/2021\/01\/04\/blog-hop-team-stempelfroschberlin-kreativ-ins-jahr-2021\/#article\",\"isPartOf\":{\"@id\":\"https:\/\/kreativ.mindach.net\/index.php\/2021\/01\/04\/blog-hop-team-stempelfroschberlin-kreativ-ins-jahr-2021\/\"},\"author\":{\"name\":\"kreativ\",\"@id\":\"https:\/\/kreativ.mindach.net\/#\/schema\/person\/aeadb1c874dd586c2282a2d8237fe679\"},\"headline\":\"Blog Hop Team Stempelfroschberlin: Kreativ ins Jahr 2021\",\"datePublished\":\"2021-01-04T06:00:00+00:00\",\"dateModified\":\"2021-01-04T18:27:42+00:00\",\"mainEntityOfPage\":{\"@id\":\"https:\/\/kreativ.mindach.net\/index.php\/2021\/01\/04\/blog-hop-team-stempelfroschberlin-kreativ-ins-jahr-2021\/\"},\"wordCount\":479,\"image\":{\"@id\":\"https:\/\/kreativ.mindach.net\/index.php\/2021\/01\/04\/blog-hop-team-stempelfroschberlin-kreativ-ins-jahr-2021\/#primaryimage\"},\"thumbnailUrl\":\"https:\/\/kreativ.mindach.net\/wp-content\/uploads\/2021\/01\/E10B9ACB-AC66-4DF7-96C3-F84F4647421C-scaled.jpeg\",\"inLanguage\":\"de\"},{\"@type\":\"WebPage\",\"@id\":\"https:\/\/kreativ.mindach.net\/index.php\/2021\/01\/04\/blog-hop-team-stempelfroschberlin-kreativ-ins-jahr-2021\/\",\"url\":\"https:\/\/kreativ.mindach.net\/index.php\/2021\/01\/04\/blog-hop-team-stempelfroschberlin-kreativ-ins-jahr-2021\/\",\"name\":\"Blog Hop Team Stempelfroschberlin: Kreativ ins Jahr 2021 - Heikes kreative Welt\",\"isPartOf\":{\"@id\":\"https:\/\/kreativ.mindach.net\/#website\"},\"primaryImageOfPage\":{\"@id\":\"https:\/\/kreativ.mindach.net\/index.php\/2021\/01\/04\/blog-hop-team-stempelfroschberlin-kreativ-ins-jahr-2021\/#primaryimage\"},\"image\":{\"@id\":\"https:\/\/kreativ.mindach.net\/index.php\/2021\/01\/04\/blog-hop-team-stempelfroschberlin-kreativ-ins-jahr-2021\/#primaryimage\"},\"thumbnailUrl\":\"https:\/\/kreativ.mindach.net\/wp-content\/uploads\/2021\/01\/E10B9ACB-AC66-4DF7-96C3-F84F4647421C-scaled.jpeg\",\"datePublished\":\"2021-01-04T06:00:00+00:00\",\"dateModified\":\"2021-01-04T18:27:42+00:00\",\"author\":{\"@id\":\"https:\/\/kreativ.mindach.net\/#\/schema\/person\/aeadb1c874dd586c2282a2d8237fe679\"},\"breadcrumb\":{\"@id\":\"https:\/\/kreativ.mindach.net\/index.php\/2021\/01\/04\/blog-hop-team-stempelfroschberlin-kreativ-ins-jahr-2021\/#breadcrumb\"},\"inLanguage\":\"de\",\"potentialAction\":[{\"@type\":\"ReadAction\",\"target\":[\"https:\/\/kreativ.mindach.net\/index.php\/2021\/01\/04\/blog-hop-team-stempelfroschberlin-kreativ-ins-jahr-2021\/\"]}]},{\"@type\":\"ImageObject\",\"inLanguage\":\"de\",\"@id\":\"https:\/\/kreativ.mindach.net\/index.php\/2021\/01\/04\/blog-hop-team-stempelfroschberlin-kreativ-ins-jahr-2021\/#primaryimage\",\"url\":\"https:\/\/kreativ.mindach.net\/wp-content\/uploads\/2021\/01\/E10B9ACB-AC66-4DF7-96C3-F84F4647421C-scaled.jpeg\",\"contentUrl\":\"https:\/\/kreativ.mindach.net\/wp-content\/uploads\/2021\/01\/E10B9ACB-AC66-4DF7-96C3-F84F4647421C-scaled.jpeg\",\"width\":2560,\"height\":1534},{\"@type\":\"BreadcrumbList\",\"@id\":\"https:\/\/kreativ.mindach.net\/index.php\/2021\/01\/04\/blog-hop-team-stempelfroschberlin-kreativ-ins-jahr-2021\/#breadcrumb\",\"itemListElement\":[{\"@type\":\"ListItem\",\"position\":1,\"name\":\"Startseite\",\"item\":\"https:\/\/kreativ.mindach.net\/\"},{\"@type\":\"ListItem\",\"position\":2,\"name\":\"Blog Hop Team Stempelfroschberlin: Kreativ ins Jahr 2021\"}]},{\"@type\":\"WebSite\",\"@id\":\"https:\/\/kreativ.mindach.net\/#website\",\"url\":\"https:\/\/kreativ.mindach.net\/\",\"name\":\"Heikes kreative Welt\",\"description\":\"\",\"potentialAction\":[{\"@type\":\"SearchAction\",\"target\":{\"@type\":\"EntryPoint\",\"urlTemplate\":\"https:\/\/kreativ.mindach.net\/?s={search_term_string}\"},\"query-input\":{\"@type\":\"PropertyValueSpecification\",\"valueRequired\":true,\"valueName\":\"search_term_string\"}}],\"inLanguage\":\"de\"},{\"@type\":\"Person\",\"@id\":\"https:\/\/kreativ.mindach.net\/#\/schema\/person\/aeadb1c874dd586c2282a2d8237fe679\",\"name\":\"kreativ\",\"image\":{\"@type\":\"ImageObject\",\"inLanguage\":\"de\",\"@id\":\"https:\/\/kreativ.mindach.net\/#\/schema\/person\/image\/\",\"url\":\"https:\/\/secure.gravatar.com\/avatar\/e83e789771ad1a94b6376fa6ccce6d33c70c4295406720662391ec597cb1e809?s=96&d=mm&r=g\",\"contentUrl\":\"https:\/\/secure.gravatar.com\/avatar\/e83e789771ad1a94b6376fa6ccce6d33c70c4295406720662391ec597cb1e809?s=96&d=mm&r=g\",\"caption\":\"kreativ\"},\"url\":\"https:\/\/kreativ.mindach.net\/index.php\/author\/kreativ\/\"}]}<\/script>\n<!-- \/ Yoast SEO plugin. -->","yoast_head_json":{"title":"Blog Hop Team Stempelfroschberlin: Kreativ ins Jahr 2021 - Heikes kreative Welt","robots":{"index":"index","follow":"follow","max-snippet":"max-snippet:-1","max-image-preview":"max-image-preview:large","max-video-preview":"max-video-preview:-1"},"canonical":"https:\/\/kreativ.mindach.net\/index.php\/2021\/01\/04\/blog-hop-team-stempelfroschberlin-kreativ-ins-jahr-2021\/","og_locale":"de_DE","og_type":"article","og_title":"Blog Hop Team Stempelfroschberlin: Kreativ ins Jahr 2021 - Heikes kreative Welt","og_description":"Guten Morgen und herzlich willkommen zum ersten Blog Hop vom Team Stempelfroschberlin im neuen Jahr. Vielleicht kommst Du gerade von meiner Stempelschwester Cindy von &#8222;Ratzis Bastelk\u00fcche&#8220; und konntest bereits ihre Idee zum Thema &#8220; Kreativ ins Jahr 2021&#8243; bewundern oder Du steigst bei mir ein. Ich habe ein wenig mit dem Designerpapier &#8222;Ombr\u00e9&#8220; gespielt. Dieses [&hellip;]","og_url":"https:\/\/kreativ.mindach.net\/index.php\/2021\/01\/04\/blog-hop-team-stempelfroschberlin-kreativ-ins-jahr-2021\/","og_site_name":"Heikes kreative Welt","article_published_time":"2021-01-04T06:00:00+00:00","article_modified_time":"2021-01-04T18:27:42+00:00","og_image":[{"width":2560,"height":1534,"url":"https:\/\/kreativ.mindach.net\/wp-content\/uploads\/2021\/01\/E10B9ACB-AC66-4DF7-96C3-F84F4647421C-scaled.jpeg","type":"image\/jpeg"}],"author":"kreativ","twitter_card":"summary_large_image","twitter_misc":{"Verfasst von":"kreativ","Gesch\u00e4tzte Lesezeit":"2\u00a0Minuten"},"schema":{"@context":"https:\/\/schema.org","@graph":[{"@type":"Article","@id":"https:\/\/kreativ.mindach.net\/index.php\/2021\/01\/04\/blog-hop-team-stempelfroschberlin-kreativ-ins-jahr-2021\/#article","isPartOf":{"@id":"https:\/\/kreativ.mindach.net\/index.php\/2021\/01\/04\/blog-hop-team-stempelfroschberlin-kreativ-ins-jahr-2021\/"},"author":{"name":"kreativ","@id":"https:\/\/kreativ.mindach.net\/#\/schema\/person\/aeadb1c874dd586c2282a2d8237fe679"},"headline":"Blog Hop Team Stempelfroschberlin: Kreativ ins Jahr 2021","datePublished":"2021-01-04T06:00:00+00:00","dateModified":"2021-01-04T18:27:42+00:00","mainEntityOfPage":{"@id":"https:\/\/kreativ.mindach.net\/index.php\/2021\/01\/04\/blog-hop-team-stempelfroschberlin-kreativ-ins-jahr-2021\/"},"wordCount":479,"image":{"@id":"https:\/\/kreativ.mindach.net\/index.php\/2021\/01\/04\/blog-hop-team-stempelfroschberlin-kreativ-ins-jahr-2021\/#primaryimage"},"thumbnailUrl":"https:\/\/kreativ.mindach.net\/wp-content\/uploads\/2021\/01\/E10B9ACB-AC66-4DF7-96C3-F84F4647421C-scaled.jpeg","inLanguage":"de"},{"@type":"WebPage","@id":"https:\/\/kreativ.mindach.net\/index.php\/2021\/01\/04\/blog-hop-team-stempelfroschberlin-kreativ-ins-jahr-2021\/","url":"https:\/\/kreativ.mindach.net\/index.php\/2021\/01\/04\/blog-hop-team-stempelfroschberlin-kreativ-ins-jahr-2021\/","name":"Blog Hop Team Stempelfroschberlin: Kreativ ins Jahr 2021 - Heikes kreative Welt","isPartOf":{"@id":"https:\/\/kreativ.mindach.net\/#website"},"primaryImageOfPage":{"@id":"https:\/\/kreativ.mindach.net\/index.php\/2021\/01\/04\/blog-hop-team-stempelfroschberlin-kreativ-ins-jahr-2021\/#primaryimage"},"image":{"@id":"https:\/\/kreativ.mindach.net\/index.php\/2021\/01\/04\/blog-hop-team-stempelfroschberlin-kreativ-ins-jahr-2021\/#primaryimage"},"thumbnailUrl":"https:\/\/kreativ.mindach.net\/wp-content\/uploads\/2021\/01\/E10B9ACB-AC66-4DF7-96C3-F84F4647421C-scaled.jpeg","datePublished":"2021-01-04T06:00:00+00:00","dateModified":"2021-01-04T18:27:42+00:00","author":{"@id":"https:\/\/kreativ.mindach.net\/#\/schema\/person\/aeadb1c874dd586c2282a2d8237fe679"},"breadcrumb":{"@id":"https:\/\/kreativ.mindach.net\/index.php\/2021\/01\/04\/blog-hop-team-stempelfroschberlin-kreativ-ins-jahr-2021\/#breadcrumb"},"inLanguage":"de","potentialAction":[{"@type":"ReadAction","target":["https:\/\/kreativ.mindach.net\/index.php\/2021\/01\/04\/blog-hop-team-stempelfroschberlin-kreativ-ins-jahr-2021\/"]}]},{"@type":"ImageObject","inLanguage":"de","@id":"https:\/\/kreativ.mindach.net\/index.php\/2021\/01\/04\/blog-hop-team-stempelfroschberlin-kreativ-ins-jahr-2021\/#primaryimage","url":"https:\/\/kreativ.mindach.net\/wp-content\/uploads\/2021\/01\/E10B9ACB-AC66-4DF7-96C3-F84F4647421C-scaled.jpeg","contentUrl":"https:\/\/kreativ.mindach.net\/wp-content\/uploads\/2021\/01\/E10B9ACB-AC66-4DF7-96C3-F84F4647421C-scaled.jpeg","width":2560,"height":1534},{"@type":"BreadcrumbList","@id":"https:\/\/kreativ.mindach.net\/index.php\/2021\/01\/04\/blog-hop-team-stempelfroschberlin-kreativ-ins-jahr-2021\/#breadcrumb","itemListElement":[{"@type":"ListItem","position":1,"name":"Startseite","item":"https:\/\/kreativ.mindach.net\/"},{"@type":"ListItem","position":2,"name":"Blog Hop Team Stempelfroschberlin: Kreativ ins Jahr 2021"}]},{"@type":"WebSite","@id":"https:\/\/kreativ.mindach.net\/#website","url":"https:\/\/kreativ.mindach.net\/","name":"Heikes kreative Welt","description":"","potentialAction":[{"@type":"SearchAction","target":{"@type":"EntryPoint","urlTemplate":"https:\/\/kreativ.mindach.net\/?s={search_term_string}"},"query-input":{"@type":"PropertyValueSpecification","valueRequired":true,"valueName":"search_term_string"}}],"inLanguage":"de"},{"@type":"Person","@id":"https:\/\/kreativ.mindach.net\/#\/schema\/person\/aeadb1c874dd586c2282a2d8237fe679","name":"kreativ","image":{"@type":"ImageObject","inLanguage":"de","@id":"https:\/\/kreativ.mindach.net\/#\/schema\/person\/image\/","url":"https:\/\/secure.gravatar.com\/avatar\/e83e789771ad1a94b6376fa6ccce6d33c70c4295406720662391ec597cb1e809?s=96&d=mm&r=g","contentUrl":"https:\/\/secure.gravatar.com\/avatar\/e83e789771ad1a94b6376fa6ccce6d33c70c4295406720662391ec597cb1e809?s=96&d=mm&r=g","caption":"kreativ"},"url":"https:\/\/kreativ.mindach.net\/index.php\/author\/kreativ\/"}]}},"jetpack_featured_media_url":"https:\/\/kreativ.mindach.net\/wp-content\/uploads\/2021\/01\/E10B9ACB-AC66-4DF7-96C3-F84F4647421C-scaled.jpeg","jetpack_sharing_enabled":true,"_links":{"self":[{"href":"https:\/\/kreativ.mindach.net\/index.php\/wp-json\/wp\/v2\/posts\/689","targetHints":{"allow":["GET"]}}],"collection":[{"href":"https:\/\/kreativ.mindach.net\/index.php\/wp-json\/wp\/v2\/posts"}],"about":[{"href":"https:\/\/kreativ.mindach.net\/index.php\/wp-json\/wp\/v2\/types\/post"}],"author":[{"embeddable":true,"href":"https:\/\/kreativ.mindach.net\/index.php\/wp-json\/wp\/v2\/users\/1"}],"replies":[{"embeddable":true,"href":"https:\/\/kreativ.mindach.net\/index.php\/wp-json\/wp\/v2\/comments?post=689"}],"version-history":[{"count":13,"href":"https:\/\/kreativ.mindach.net\/index.php\/wp-json\/wp\/v2\/posts\/689\/revisions"}],"predecessor-version":[{"id":703,"href":"https:\/\/kreativ.mindach.net\/index.php\/wp-json\/wp\/v2\/posts\/689\/revisions\/703"}],"wp:featuredmedia":[{"embeddable":true,"href":"https:\/\/kreativ.mindach.net\/index.php\/wp-json\/wp\/v2\/media\/688"}],"wp:attachment":[{"href":"https:\/\/kreativ.mindach.net\/index.php\/wp-json\/wp\/v2\/media?parent=689"}],"wp:term":[{"taxonomy":"category","embeddable":true,"href":"https:\/\/kreativ.mindach.net\/index.php\/wp-json\/wp\/v2\/categories?post=689"},{"taxonomy":"post_tag","embeddable":true,"href":"https:\/\/kreativ.mindach.net\/index.php\/wp-json\/wp\/v2\/tags?post=689"}],"curies":[{"name":"wp","href":"https:\/\/api.w.org\/{rel}","templated":true}]}}